{"id":740,"date":"2024-09-30T20:24:45","date_gmt":"2024-09-30T20:24:45","guid":{"rendered":"https:\/\/foerderverein-rosenweg.de\/?p=740"},"modified":"2024-10-02T18:43:47","modified_gmt":"2024-10-02T18:43:47","slug":"weihnachtliche-paeckchen-aktion-2024-kinder-helfen-kindern","status":"publish","type":"post","link":"https:\/\/foerderverein-rosenweg.de\/?p=740","title":{"rendered":"Weihnachtliche P\u00e4ckchen-Aktion 2024 \u2013 \u201eKinder helfen Kindern\u201c"},"content":{"rendered":"<p>Teilen macht gl\u00fccklich! &#8211; Mit eurer Unterst\u00fctzung m\u00f6chten wir auch in diesem Jahr wieder Freude verschenken und Kinderaugen zum Leuchten bringen.<\/p>\n<p>Wir laden euch herzlich ein, gemeinsam mit uns liebevoll gepackte Weihnachts\u00fcberraschungen auf die Reise zu Kindern in ferne L\u00e4nder zu schicken.<br \/>\nSchaut euch bitte einfach in eurem Kinderzimmer um und entscheidet, was ihr gern mit einem anderen Kind teilen m\u00f6chtet und somit eine Freude bereiten k\u00f6nntet.<\/p>\n<p><!--more--><\/p>\n<p>Es ist m\u00f6glich, dass ihr eine Paket-Patenschaft bildet und gemeinsam mit einem Freund oder einer Freundin ein Geschenk packt.<br \/>\nJeder gibt etwas anderes ab und gemeinsam bef\u00fcllt ihr damit ein P\u00e4ckchen. Bitte sprecht euch dazu mit eurer Klassenlehrerin oder eurem Klassenlehrer ab.<\/p>\n<p>Nach den Herbstferien k\u00f6nnen im Sekretariat der Grundschule die leeren Paketkartons abgeholt werden und ihr habt dann ca. 2 Wochen Zeit zum Packen.<\/p>\n<p>Weitere Infos zum Start unserer diesj\u00e4hrigen P\u00e4ckchen-Aktion gibt es nach den Herbstferien. Schaut dazu regelm\u00e4\u00dfig hier vorbei.<\/p>\n<p>Bitte unterst\u00fctzt mit uns die Paket-Aktion \u201eKinder helfen Kindern\u201c des ADRA Deutschland e.V. und macht mit!<\/p>\n<p>Wir w\u00fcnschen Euch erholsame Herbstferien und sagen schon heute vielen Dank f\u00fcr eure Mithilfe und eure liebevoll gepackten Geschenke.<\/p>\n<p>&nbsp;<\/p>\n<h3>Ergebnis der Paket-Aktion 2023<\/h3>\n<p><iframe loading=\"lazy\" title=\"&quot;Aktion Kinder helfen Kindern!&quot; 2023 - Ergebnis der diesj\u00e4hrigen Paket-Aktion #KHK2023 #paketaktion\" src=\"https:\/\/www.youtube.com\/embed\/UkNhF6F3jys\" width=\"560\" height=\"315\" frameborder=\"0\" allowfullscreen=\"allowfullscreen\"><span data-mce-type=\"bookmark\" style=\"display: inline-block; width: 0px; overflow: hidden; line-height: 0;\" class=\"mce_SELRES_start\">\ufeff<\/span><\/iframe><\/p>\n","protected":false},"excerpt":{"rendered":"<p>Teilen macht gl\u00fccklich! &#8211; Mit eurer Unterst\u00fctzung m\u00f6chten wir auch in diesem Jahr wieder Freude verschenken und Kinderaugen zum Leuchten &hellip; <\/p>\n","protected":false},"author":3,"featured_media":743,"comment_status":"closed","ping_status":"open","sticky":false,"template":"","format":"standard","meta":{"jetpack_post_was_ever_published":false,"_jetpack_newsletter_access":"","_jetpack_dont_email_post_to_subs":false,"_jetpack_newsletter_tier_id":0,"_jetpack_memberships_contains_paywalled_content":false,"_jetpack_memberships_contains_paid_content":false,"footnotes":"","jetpack_publicize_message":"","jetpack_publicize_feature_enabled":true,"jetpack_social_post_already_shared":true,"jetpack_social_options":{"image_generator_settings":{"template":"highway","default_image_id":0,"font":"","enabled":false},"version":2}},"categories":[14],"tags":[20,19,18],"class_list":["post-740","post","type-post","status-publish","format-standard","has-post-thumbnail","hentry","category-aktionen","tag-aktion","tag-helfen","tag-kinder"],"jetpack_publicize_connections":[],"jetpack_featured_media_url":"https:\/\/i0.wp.com\/foerderverein-rosenweg.de\/wp-content\/uploads\/2024\/09\/ai-generated-8444178_1280.jpg?fit=1280%2C724&ssl=1","jetpack_sharing_enabled":true,"jetpack_shortlink":"https:\/\/wp.me\/pap1pQ-bW","_links":{"self":[{"href":"https:\/\/foerderverein-rosenweg.de\/index.php?rest_route=\/wp\/v2\/posts\/740","targetHints":{"allow":["GET"]}}],"collection":[{"href":"https:\/\/foerderverein-rosenweg.de\/index.php?rest_route=\/wp\/v2\/posts"}],"about":[{"href":"https:\/\/foerderverein-rosenweg.de\/index.php?rest_route=\/wp\/v2\/types\/post"}],"author":[{"embeddable":true,"href":"https:\/\/foerderverein-rosenweg.de\/index.php?rest_route=\/wp\/v2\/users\/3"}],"replies":[{"embeddable":true,"href":"https:\/\/foerderverein-rosenweg.de\/index.php?rest_route=%2Fwp%2Fv2%2Fcomments&post=740"}],"version-history":[{"count":2,"href":"https:\/\/foerderverein-rosenweg.de\/index.php?rest_route=\/wp\/v2\/posts\/740\/revisions"}],"predecessor-version":[{"id":759,"href":"https:\/\/foerderverein-rosenweg.de\/index.php?rest_route=\/wp\/v2\/posts\/740\/revisions\/759"}],"wp:featuredmedia":[{"embeddable":true,"href":"https:\/\/foerderverein-rosenweg.de\/index.php?rest_route=\/wp\/v2\/media\/743"}],"wp:attachment":[{"href":"https:\/\/foerderverein-rosenweg.de\/index.php?rest_route=%2Fwp%2Fv2%2Fmedia&parent=740"}],"wp:term":[{"taxonomy":"category","embeddable":true,"href":"https:\/\/foerderverein-rosenweg.de\/index.php?rest_route=%2Fwp%2Fv2%2Fcategories&post=740"},{"taxonomy":"post_tag","embeddable":true,"href":"https:\/\/foerderverein-rosenweg.de\/index.php?rest_route=%2Fwp%2Fv2%2Ftags&post=740"}],"curies":[{"name":"wp","href":"https:\/\/api.w.org\/{rel}","templated":true}]}}